[{"@context":"https:\/\/schema.org\/","@type":"Article","@id":"https:\/\/www.tostaf.cz\/kde-si-nejlepe-odpocinout\/#Article","mainEntityOfPage":"https:\/\/www.tostaf.cz\/kde-si-nejlepe-odpocinout\/","headline":"Kde si nejl\u00e9pe odpo\u010dinout?","name":"Kde si nejl\u00e9pe odpo\u010dinout?","description":"Pokud si \u010dlov\u011bk chce odpo\u010dinout od v\u0161edn\u00edch starost\u00ed, m\u00e1 dnes u\u017e na v\u00fdb\u011br z p\u0159\u00edmo","datePublished":"2019-02-18","dateModified":"2023-04-28","author":{"@type":"Person","@id":"https:\/\/www.tostaf.cz\/author\/#Person","name":"","url":"https:\/\/www.tostaf.cz\/author\/","identifier":1,"image":{"@type":"ImageObject","@id":"https:\/\/secure.gravatar.com\/avatar\/ddbdb36321e5b7d4d861793930db080587341c870bd6ed87a3d36e707e2e9ae3?s=96&d=mm&r=g","url":"https:\/\/secure.gravatar.com\/avatar\/ddbdb36321e5b7d4d861793930db080587341c870bd6ed87a3d36e707e2e9ae3?s=96&d=mm&r=g","height":96,"width":96}},"publisher":{"@type":"Organization","name":"tostaf.cz","logo":{"@type":"ImageObject","@id":"\/logo.png","url":"\/logo.png","width":600,"height":60}},"image":{"@type":"ImageObject","@id":"https:\/\/www.tostaf.cz\/wp-content\/uploads\/img_a338439_w1904_t1551181341.jpg","url":"https:\/\/www.tostaf.cz\/wp-content\/uploads\/img_a338439_w1904_t1551181341.jpg","height":0,"width":0},"url":"https:\/\/www.tostaf.cz\/kde-si-nejlepe-odpocinout\/","wordCount":589,"articleBody":" Pokud si \u010dlov\u011bk chce odpo\u010dinout od v\u0161edn\u00edch starost\u00ed, m\u00e1 dnes u\u017e na v\u00fdb\u011br z p\u0159\u00edmo neomezen\u00e9 \u0161k\u00e1ly mo\u017enost\u00ed. Dnes u\u017e m\u016f\u017ee volit mezi relaxac\u00ed za humny stejn\u011b jako n\u011bkde na opa\u010dn\u00e9m konci sv\u011bta. A kdy\u017e u\u017e jsme v posledn\u00edch letech sv\u011bdky toho, jak jezd\u00ed afri\u010dt\u00ed migranti \u201ana dovolenou\u2018 do Evropy, pro\u010d jim takovou \u201an\u00e1v\u0161t\u011bvu u nich doma\u2018 neoplatit? \u010c\u00edm\u017e nemysl\u00edm nezbytn\u011b jejich domov, ze kter\u00e9ho prchaj\u00ed, proto\u017ee to tam za moc nestoj\u00ed, stoj\u00ed-li to tam v\u016fbec za n\u011bco. My jsme na tom l\u00e9pe finan\u010dn\u011b i jinak, tak\u017ee pro\u010d si nedop\u0159\u00e1t na rozd\u00edl od zm\u00edn\u011bn\u00fdch mnohem del\u0161\u00ed, bezpe\u010dn\u011bj\u0161\u00ed a pohodln\u011bj\u0161\u00ed cestu letadlem? T\u0159eba a\u017e na sam\u00fd jih \u010dern\u00e9ho kontinentu, tedy do Jihoafrick\u00e9 republiky? Kter\u00e1 tak trochu je a tak trochu vlastn\u011b v\u016fbec nen\u00ed Afrikou. To jak se to vezme. Proto\u017ee projdete-li si informace pro turisty na str\u00e1nk\u00e1ch na\u0161eho ministerstva zahrani\u010d\u00ed, zjist\u00edte to, co v\u00edm j\u00e1 osobn\u011b u\u017e d\u00e1vno a velice dob\u0159e. To, \u010d\u00edm je Ji\u017en\u00ed Afrika pro na\u0161ince p\u0159ita\u017eliv\u00e1. P\u0159i\u010dem\u017e se tu \u00famysln\u011b vyhnu tomu, co se tradi\u010dn\u011b turist\u016fm \u0159\u00edk\u00e1, a nab\u00eddnu v\u00e1m jin\u00e9 \u2013 ov\u0161em tak\u00e9 velice d\u016fle\u017eit\u00e9 \u2013 p\u0159ednosti pr\u00e1v\u011b t\u00e9to zem\u011b. Kter\u00e1 je na \u010dern\u00e9m kontinentu, ale p\u0159esto: 1) Tam nepot\u0159ebujete slo\u017eit\u011b z\u00edsk\u00e1vat drah\u00e9 v\u00edzum. Nepot\u0159ebujete tam \u017e\u00e1dn\u00e9 v\u00edzum. 2) Pokud tam cestujete p\u0159\u00edmo z Evropy, nepot\u0159ebujete ani \u017e\u00e1dn\u00e9 povinn\u00e9 o\u010dkov\u00e1n\u00ed. J\u00e1 s\u00e1m tam tedy l\u00e9t\u00e1m neo\u010dkov\u00e1n a za ta l\u00e9ta jsem tam nic nechytil a ur\u010dit\u011b ani nechyt\u00edm. 3) S v\u00fdjimkou \u00fapln\u00e9ho severu zem\u011b tam nemaj\u00ed mal\u00e1rii a hroz\u00ed-li tam na\u0161inc\u016fm nemoci, pak ty, jim\u017e se d\u00e1 vyhnout, tedy hlavn\u011b ty p\u0159en\u00e1\u0161en\u00e9 pohlavn\u011b. A to nejen d\u011bv\u010daty, jsouc\u00edmi k m\u00e1n\u00ed doslova za p\u00e1r korun. 4) Lze tam p\u00edt vodu p\u0159\u00edmo z vodovodu, a to kdekoliv. Kdo v\u00ed, co je to tah\u00e1n\u00ed plastov\u00fdch lahv\u00ed, vyh\u00fdb\u00e1n\u00ed se ledu a kontrola toho, zda je n\u00e1dob\u00ed such\u00e9, ch\u00e1pe v\u00fdznam t\u00e9to zd\u00e1nliv\u00e9 banality. 5) Lze tam b\u011b\u017en\u011b konzumovat jak\u00e9koliv potraviny z kamenn\u00fdch obchod\u016f. 6) Maj\u00ed tam jeden\u00e1ct \u00fa\u0159edn\u00edch jazyk\u016f, co\u017e znamen\u00e1, \u017ee jsou tam zvykl\u00ed na to, \u017ee se nedomluv\u00ed \u010dasto ani mezi sebou. A za univerz\u00e1ln\u00ed jazyk tak vol\u00ed angli\u010dtinu, j\u00ed\u017e ale \u010dasto nijak extra dob\u0159e nevl\u00e1dnou, tak\u017ee se neposm\u00edvaj\u00ed tomu, kdo si v n\u00ed pom\u00e1h\u00e1 rukama a nohama. 7) Nen\u00ed tam k vid\u011bn\u00ed rasismus, jak\u00fd zn\u00e1me u n\u00e1s, na\u0161inec se tak nemus\u00ed c\u00edtit \u0161patn\u011b, jsa p\u0159\u00edslu\u0161n\u00edkem desetiprocentn\u00ed men\u0161iny. 8) Pro ty, kdo maj\u00ed zdravotn\u00ed poji\u0161t\u011bn\u00ed nebo pen\u00edze, je tam dostupn\u00e9 soukrom\u00e9 zdravotnictv\u00ed na \u00farovni toho na\u0161eho, ne-li vy\u0161\u0161\u00ed. 9) A maj\u00ed tam stra\u0161n\u011b chud\u00e9 a p\u0159esto stra\u0161n\u011b slu\u0161n\u00e9 a hodn\u00e9, a\u017e neskute\u010dn\u011b \u010dasto usm\u011bvav\u00e9 lidi. Kte\u0159\u00ed m\u00edvaj\u00ed i pro na\u0161ince to, co n\u00e1m vesm\u011bs sch\u00e1z\u00ed. Tedy \u010das. A tak se klidn\u011b i v saku a uprost\u0159ed pracovn\u00edho dne rozval\u00ed n\u011bkde v m\u011bstsk\u00e9m par\u010d\u00edku a spokojen\u011b vn\u00edmaj\u00ed, .                                                                                                                                                                                                                                                                                                                                                                                         3.8\/5 - (9 votes)        "},{"@context":"https:\/\/schema.org\/","@type":"BreadcrumbList","itemListElement":[{"@type":"ListItem","position":1,"name":"Kde si nejl\u00e9pe odpo\u010dinout?","item":"https:\/\/www.tostaf.cz\/kde-si-nejlepe-odpocinout\/#breadcrumbitem"}]}]