[{"@context":"https:\/\/schema.org\/","@type":"Article","@id":"https:\/\/www.tostaf.cz\/stehovani-bytu-praha-je-narocne-na-co-nesmime-zapomenout\/#Article","mainEntityOfPage":"https:\/\/www.tostaf.cz\/stehovani-bytu-praha-je-narocne-na-co-nesmime-zapomenout\/","headline":"St\u011bhov\u00e1n\u00ed byt\u016f Praha je n\u00e1ro\u010dn\u00e9 \u2013 na co nesm\u00edme zapomenout","name":"St\u011bhov\u00e1n\u00ed byt\u016f Praha je n\u00e1ro\u010dn\u00e9 \u2013 na co nesm\u00edme zapomenout","description":"St\u011bhov\u00e1n\u00ed je proces n\u00e1ro\u010dn\u00fd hlavn\u011b po organiza\u010dn\u00ed str\u00e1nce a p\u0159edch\u00e1z\u00ed mu cel\u00e1 \u0159ada \u00fa\u0159edn\u00edch krok\u016f","datePublished":"2020-01-19","dateModified":"2023-04-28","author":{"@type":"Person","@id":"https:\/\/www.tostaf.cz\/author\/#Person","name":"","url":"https:\/\/www.tostaf.cz\/author\/","identifier":1,"image":{"@type":"ImageObject","@id":"https:\/\/secure.gravatar.com\/avatar\/ddbdb36321e5b7d4d861793930db080587341c870bd6ed87a3d36e707e2e9ae3?s=96&d=mm&r=g","url":"https:\/\/secure.gravatar.com\/avatar\/ddbdb36321e5b7d4d861793930db080587341c870bd6ed87a3d36e707e2e9ae3?s=96&d=mm&r=g","height":96,"width":96}},"publisher":{"@type":"Organization","name":"tostaf.cz","logo":{"@type":"ImageObject","@id":"\/logo.png","url":"\/logo.png","width":600,"height":60}},"image":{"@type":"ImageObject","@id":"https:\/\/www.tostaf.cz\/wp-content\/uploads\/img_a379046_w2993_t1590407127.jpg","url":"https:\/\/www.tostaf.cz\/wp-content\/uploads\/img_a379046_w2993_t1590407127.jpg","height":0,"width":0},"url":"https:\/\/www.tostaf.cz\/stehovani-bytu-praha-je-narocne-na-co-nesmime-zapomenout\/","about":["Podnik\u00e1n\u00ed"],"wordCount":471,"articleBody":"          St\u011bhov\u00e1n\u00ed je proces n\u00e1ro\u010dn\u00fd hlavn\u011b po organiza\u010dn\u00ed str\u00e1nce a p\u0159edch\u00e1z\u00ed mu cel\u00e1 \u0159ada \u00fa\u0159edn\u00edch krok\u016f spojen\u00fdch se zm\u011bnou pobytu. Jestli\u017ee po\u017e\u00e1d\u00e1te o pomoc profesion\u00e1ly, budete m\u00edt v\u00edce sil na zvl\u00e1d\u00e1n\u00ed dal\u0161\u00edch z\u00e1le\u017eitost\u00ed, kter\u00e9 byste nem\u011bli opom\u00edjet. Jsou to sice zd\u00e1nliv\u00e9 drobnosti, ale mohou v\u00e1m tak\u00e9 p\u0159id\u011blat spoustu starost\u00ed. Bu\u010fme ohledupln\u00ed k ostatn\u00edm lidem B\u00fdt ohledupln\u00ed je heslo, kter\u00e9 raz\u00ed nejeden politik. Zda sv\u00e1 slova dodr\u017e\u00ed, je druh\u00e1 v\u011bc, ale \u0159\u00eddit se j\u00edm bychom m\u011bli i ve vlastn\u00edm z\u00e1jmu, a to i v p\u0159\u00edpad\u011b st\u011bhov\u00e1n\u00ed. Ona se toti\u017e ka\u017ed\u00e1 \u201edrobnost\u201c v nez\u00e1jmu a bezohlednosti obr\u00e1t\u00ed nakonec proti n\u00e1m.V\u00fdtah \u2013 v bytov\u00fdch domech s v\u00fdtahem b\u00fdv\u00e1 v den st\u011bhov\u00e1n\u00ed probl\u00e9m. V\u00fdtah je po celou dobu v permanenci st\u011bhovac\u00ed firmy, a tak nezapom\u00ednejme na slu\u0161n\u00e9 chov\u00e1n\u00ed a ohleduplnost k ostatn\u00edm. Dejte v\u0161em v\u011bd\u011bt, pokud mo\u017eno s p\u0159edstihem, \u017ee v den D budete vyu\u017e\u00edvat nej\u010dast\u011bji v\u00fdtah pr\u00e1v\u011b vy, a \u017ee se t\u00edmto omlouv\u00e1te za p\u0159\u00edpadn\u00e9 komplikace. V\u011bt\u0161ina lid\u00ed to ocen\u00ed a pochop\u00ed, a jak se zap\u00ed\u0161ete ihned na za\u010d\u00e1tku ke starousedl\u00edk\u016fm, tak na v\u00e1s budou pohl\u00ed\u017eet i po zbytek p\u0159eb\u00fdv\u00e1n\u00ed ve va\u0161em nov\u00e9m p\u016fsobi\u0161ti.\u00daklid \u2013 samoz\u0159ejmost\u00ed by bylo po nast\u011bhov\u00e1n\u00ed do bytu po sob\u011b a st\u011bhov\u00e1c\u00edch uklidit, tedy p\u0159edev\u0161\u00edm zam\u00e9st a vyt\u0159\u00edt vstupn\u00ed vestibul v dom\u011b, chodby, v\u00fdtah a schodi\u0161t\u011b. Pe\u010dlivost a d\u016fslednost p\u0159i \u00faklidu je dal\u0161\u00edm d\u016fle\u017eit\u00fdm bodem dobr\u00fdch vz\u00e1jemn\u00fdch vztah\u016f mezi sousedy.Odvoz nepot\u0159ebn\u00fdch v\u011bc\u00ed \u2013 ob\u010das se st\u00e1v\u00e1, \u017ee v den p\u0159ed\u00e1n\u00ed bytu nebo domu po b\u00fdval\u00fdch majitel\u00edch \u010di n\u00e1jemn\u00edc\u00edch v\u00e1s potk\u00e1 nemil\u00e9 p\u0159ekvapen\u00ed ve form\u011b nepot\u0159ebn\u00fdch v\u011bc\u00ed, kter\u00e9 ti lid\u00e9 bu\u010f nestihli odstranit, anebo je tam ponechali z nez\u00e1jmu a z nedbalosti. Proto se v\u010das, je\u0161t\u011b p\u0159ed st\u011bhov\u00e1n\u00edm, s firmou st\u011bhov\u00e1n\u00ed byt\u016f Praha https:\/\/www.odnesto.cz\/stehovani-bytu-praha\/ domluvte, zda by byli ochotni pro takov\u00fd p\u0159\u00edpad (kdyby se vyskytl) zajistit i odvoz na sb\u011brn\u00fd dv\u016fr. Nen\u00ed to mali\u010dkost a ve st\u011bhovac\u00ed den, kdy v\u00e1m v byt\u011b p\u0159ek\u00e1\u017e\u00ed nap\u0159\u00edklad star\u00e9 koberce nebo dokonce n\u00e1bytek a velk\u00e9 t\u011b\u017ek\u00e9 spot\u0159ebi\u010de, to m\u016f\u017ee b\u00fdt nev\u00eddan\u00e1 komplikace.                                                                                                                                                                                                                                                                                                                                                                                          4\/5 - (1 vote)        "},{"@context":"https:\/\/schema.org\/","@type":"BreadcrumbList","itemListElement":[{"@type":"ListItem","position":1,"name":"St\u011bhov\u00e1n\u00ed byt\u016f Praha je n\u00e1ro\u010dn\u00e9 \u2013 na co nesm\u00edme zapomenout","item":"https:\/\/www.tostaf.cz\/stehovani-bytu-praha-je-narocne-na-co-nesmime-zapomenout\/#breadcrumbitem"}]}]